{"id":885,"date":"2018-05-28T09:58:44","date_gmt":"2018-05-28T08:58:44","guid":{"rendered":"http:\/\/fredavelle.fr\/?p=885"},"modified":"2018-05-28T09:59:11","modified_gmt":"2018-05-28T08:59:11","slug":"salon-des-agricultures-de-provence-1-2-3-juin-2018","status":"publish","type":"post","link":"https:\/\/fredavelle.fr\/index.php\/2018\/05\/28\/salon-des-agricultures-de-provence-1-2-3-juin-2018\/","title":{"rendered":"Salon des Agricultures de Provence les 1, 2, 3 juin 2018"},"content":{"rendered":"<p><a href=\"https:\/\/www.salondesagriculturesdeprovence.com\" target=\"_blank\" rel=\"noopener\"><img loading=\"lazy\" decoding=\"async\" class=\"aligncenter size-full wp-image-886\" src=\"http:\/\/fredavelle.fr\/wp-content\/uploads\/2018\/05\/signature-salon-des-agrucltures-provence-2018.jpg\" alt=\"salon des agricultures de provence 2018\" width=\"800\" height=\"213\" srcset=\"https:\/\/fredavelle.fr\/wp-content\/uploads\/2018\/05\/signature-salon-des-agrucltures-provence-2018.jpg 800w, https:\/\/fredavelle.fr\/wp-content\/uploads\/2018\/05\/signature-salon-des-agrucltures-provence-2018-300x80.jpg 300w, https:\/\/fredavelle.fr\/wp-content\/uploads\/2018\/05\/signature-salon-des-agrucltures-provence-2018-768x204.jpg 768w\" sizes=\"auto, (max-width: 800px) 100vw, 800px\" \/><\/a><\/p>\n<p><strong>Retrouvez-nous vendredi 01, samedi 02 et dimanche 03 juin au Salon des Agricultures de Provence \u00e0 Salon de Provence (13300)<\/strong><\/p>\n<h1>3 jours pour d\u00e9couvrir le meilleur de l&#8217;Agriculture Proven\u00e7ale !<\/h1>\n<div class=\"page\" title=\"Page 4\">\n<div class=\"layoutArea\">\n<div class=\"column\">\n<p>V\u00e9ritable vitrine de la richesse de notre monde agricole, le Salon des Agricultures de Provence investit 6 hectares sur le <a href=\"https:\/\/docs.wixstatic.com\/ugd\/ac40be_e9af8a0eb0124b929afdb586ea0228ed.pdf\" target=\"_blank\" rel=\"noopener\">Domaine du Merle<\/a> les 1er, 2 et 3 juin 2018, pour une 3e \u00e9dition riche en rencontres et en animations.<\/p>\n<p>&#x2b50;1&#x20e3;3&#x20e3;&#x2b50;\u00a0Fid\u00e8le aux Bouches-du-Rh\u00f4ne, 1er d\u00e9partement fran\u00e7ais producteur de fruits et l\u00e9gumes, terre d\u2019\u00e9levage et de transhumance, le salon des Agricultures de Provence est organis\u00e9 depuis 2016 par la Chambre d\u2019Agriculture des Bouches-du-Rh\u00f4ne, port\u00e9 par le D\u00e9partement des Bouches-du-Rh\u00f4ne, la M\u00e9tropole Aix-Marseille-Provence, Territoire du pays Salonais, le Pays d\u2019Arles et Montpellier SupAgro avec le soutien de la Ville de Salon-de-Provence.<\/p>\n<p>Le salon des Agricultures de Provence constitue un lieu privil\u00e9gi\u00e9 d\u2019\u00e9change entre les consommateurs et les professionnels de la production agricole. En juin 2017, l\u2019\u00e9v\u00e9nement avait accueilli plus de 40 000 visiteurs. <a href=\"https:\/\/docs.wixstatic.com\/ugd\/ac40be_55bb5396cff84cb186be71322bba8d38.pdf\" target=\"_blank\" rel=\"noopener\">Le programme du salon<\/a>\u00a0compte plus d\u2019une centaine d\u2019animations : d\u00e9gustation\u00a0des meilleurs produits du d\u00e9partement, d\u00e9couverte de la Ferme et ses 1.500 animaux, participation aux jeux, concours, ateliers p\u00e9dagogiques&#8230;.<\/p>\n<p>Pour le confort des visiteurs, l\u2019implantation du salon 2018 se situe \u00e0 proximit\u00e9 du \u00ab ch\u00e2teau \u00bb du domaine du Merle.<\/p>\n<p><strong>Au c\u0153ur de la 3e \u00e9dition :<\/strong><br \/>\nUn Village de vente anim\u00e9 par <a href=\"https:\/\/docs.wixstatic.com\/ugd\/ac40be_ac41f4a0eed14051ada861f1d7bf6b9f.pdf\" target=\"_blank\" rel=\"noopener\">120 Producteurs<\/a><br \/>\n1500 animaux dans la Grande Ferme<br \/>\nDes le\u00e7ons de cuisine et des d\u00e9gustations sur tout le salon<br \/>\nDes animations, des jeux et des ateliers pour tous<br \/>\nUn espace de pr\u00e9sentation de mat\u00e9riel agricole professionnel<br \/>\nDes p\u00f4les th\u00e9matiques.<\/p>\n<div class=\"page\" title=\"Page 5\">\n<div class=\"layoutArea\">\n<div class=\"column\">\n<p><strong>&#x2b07;Infos pratiques&#x2b07;<\/strong><\/p>\n<p>&#x1f33f;&#x1f410;&#x1f338;&#x1f9c0;&#x1f377;<\/p>\n<p><strong>STAND<\/strong>\u00a0:\u00a0Notre emplacement nous sera communiqu\u00e9 \u00e0 l&#8217;ouverture du Salon. Nous vous tiendrons inform\u00e9s sur notre page Facebook <a href=\"https:\/\/www.facebook.com\/fredavelle\" target=\"_blank\" rel=\"noopener\">https:\/\/www.facebook.com\/fredavelle<\/a><\/p>\n<p>&#x1f5d3;<strong>DATES<\/strong> : VENDREDI 1ER &#8211; SAMEDI 2 \u2013 DIMANCHE 3 JUIN 2018<br \/>\n&#x1f4cd;<strong>LIEU<\/strong> : Domaine du merle, route d\u2019Arles \u00e0 Salon-de-Provence (A54 sortie 13, puis suivre direction Eygui\u00e8res)<br \/>\n<strong>Entr\u00e9e libre et parkings gratuits<\/strong><br \/>\nDes navettes gratuites sont mises en place au d\u00e9part de la gare SNCF de Salon-de-Provence.<\/p>\n<p>Nouveau : un drive fermier est \u00e0 la disposition des visiteurs pour le transport des produits achet\u00e9s sur le salon (caisse de l\u00e9gumes, carton de bouteilles, etc.) \u2013 service gratuit<\/p>\n<p><strong>&#x1f550;HORAIRES<\/strong><br \/>\nVendredi : 9h00 &#8211; 19h00<br \/>\nSamedi : 9h00 &#8211; 21h00 (nocturne)<br \/>\nDimanche : 9h00 &#8211; 19h00<\/p>\n<p>Il est recommand\u00e9 d\u2019arriver en d\u00e9but de matin\u00e9e pour visiter tranquillement l\u2019int\u00e9gralit\u00e9 du salon et assister \u00e0 un maximum d\u2019animations. Plusieurs lieux de restauration et des aires de pique-nique sont am\u00e9nag\u00e9s sur le salon.<\/p>\n<p><strong>RENSEIGNEMENTS<\/strong><br \/>\n<a href=\"https:\/\/www.salon-agricultures-provence.com\" target=\"_blank\" rel=\"noopener\">https:\/\/www.salon-agricultures-provence.com<\/a><br \/>\n<a href=\"https:\/\/www.facebook.com\/events\/187953211990811\/\" target=\"_blank\" rel=\"noopener\">www.facebook.com\/le-salon-des-agricultures-de-provence<\/a><\/p>\n<\/div>\n<\/div>\n<\/div>\n<\/div>\n<\/div>\n<\/div>\n","protected":false},"excerpt":{"rendered":"<p>Retrouvez-nous vendredi 01, samedi 02 et dimanche 03 juin au Salon des Agricultures de Provence \u00e0 Salon de Provence (13300) 3 jours pour d\u00e9couvrir le meilleur de l&#8217;Agriculture Proven\u00e7ale ! &hellip; <\/p>\n<p class=\"link-more\"><a href=\"https:\/\/fredavelle.fr\/index.php\/2018\/05\/28\/salon-des-agricultures-de-provence-1-2-3-juin-2018\/\" class=\"more-link\">Lire la suite de<span class=\"screen-reader-text\">\u00ab\u00a0Salon des Agricultures de Provence les 1, 2, 3 juin 2018\u00a0\u00bb<\/span><\/a><\/p>\n","protected":false},"author":1,"featured_media":0,"comment_status":"closed","ping_status":"open","sticky":false,"template":"","format":"standard","meta":{"_uag_custom_page_level_css":"","footnotes":""},"categories":[14,3],"tags":[],"class_list":["post-885","post","type-post","status-publish","format-standard","hentry","category-agenda","category-salons"],"yoast_head":"<!-- This site is optimized with the Yoast SEO plugin v27.5 - https:\/\/yoast.com\/product\/yoast-seo-wordpress\/ -->\n<title>Salon des Agricultures de Provence les 1, 2, 3 juin 2018 |<\/title>\n<meta name=\"robots\" content=\"noindex, follow\" \/>\n<meta property=\"og:locale\" content=\"fr_FR\" \/>\n<meta property=\"og:type\" content=\"article\" \/>\n<meta property=\"og:title\" content=\"Salon des Agricultures de Provence les 1, 2, 3 juin 2018 |\" \/>\n<meta property=\"og:description\" content=\"Retrouvez-nous vendredi 01, samedi 02 et dimanche 03 juin au Salon des Agricultures de Provence \u00e0 Salon de Provence (13300) 3 jours pour d\u00e9couvrir le meilleur de l&#8217;Agriculture Proven\u00e7ale ! &hellip; Lire la suite de\u00ab\u00a0Salon des Agricultures de Provence les 1, 2, 3 juin 2018\u00a0\u00bb\" \/>\n<meta property=\"og:url\" content=\"https:\/\/fredavelle.fr\/index.php\/2018\/05\/28\/salon-des-agricultures-de-provence-1-2-3-juin-2018\/\" \/>\n<meta property=\"article:publisher\" content=\"https:\/\/www.facebook.com\/domainefredavelle\" \/>\n<meta property=\"article:published_time\" content=\"2018-05-28T08:58:44+00:00\" \/>\n<meta property=\"article:modified_time\" content=\"2018-05-28T08:59:11+00:00\" \/>\n<meta property=\"og:image\" content=\"https:\/\/fredavelle.fr\/wp-content\/uploads\/2018\/05\/signature-salon-des-agrucltures-provence-2018.jpg\" \/>\n\t<meta property=\"og:image:width\" content=\"800\" \/>\n\t<meta property=\"og:image:height\" content=\"213\" \/>\n\t<meta property=\"og:image:type\" content=\"image\/jpeg\" \/>\n<meta name=\"author\" content=\"Domaine Fredavelle\" \/>\n<meta name=\"twitter:card\" content=\"summary_large_image\" \/>\n<meta name=\"twitter:label1\" content=\"\u00c9crit par\" \/>\n\t<meta name=\"twitter:data1\" content=\"Domaine Fredavelle\" \/>\n\t<meta name=\"twitter:label2\" content=\"Dur\u00e9e de lecture estim\u00e9e\" \/>\n\t<meta name=\"twitter:data2\" content=\"2 minutes\" \/>\n<script type=\"application\/ld+json\" class=\"yoast-schema-graph\">{\"@context\":\"https:\\\/\\\/schema.org\",\"@graph\":[{\"@type\":\"Article\",\"@id\":\"https:\\\/\\\/fredavelle.fr\\\/index.php\\\/2018\\\/05\\\/28\\\/salon-des-agricultures-de-provence-1-2-3-juin-2018\\\/#article\",\"isPartOf\":{\"@id\":\"https:\\\/\\\/fredavelle.fr\\\/index.php\\\/2018\\\/05\\\/28\\\/salon-des-agricultures-de-provence-1-2-3-juin-2018\\\/\"},\"author\":{\"name\":\"Domaine Fredavelle\",\"@id\":\"https:\\\/\\\/fredavelle.fr\\\/#\\\/schema\\\/person\\\/5d1cc310defb2b4f97a10a2843d05e24\"},\"headline\":\"Salon des Agricultures de Provence les 1, 2, 3 juin 2018\",\"datePublished\":\"2018-05-28T08:58:44+00:00\",\"dateModified\":\"2018-05-28T08:59:11+00:00\",\"mainEntityOfPage\":{\"@id\":\"https:\\\/\\\/fredavelle.fr\\\/index.php\\\/2018\\\/05\\\/28\\\/salon-des-agricultures-de-provence-1-2-3-juin-2018\\\/\"},\"wordCount\":475,\"publisher\":{\"@id\":\"https:\\\/\\\/fredavelle.fr\\\/#organization\"},\"image\":{\"@id\":\"https:\\\/\\\/fredavelle.fr\\\/index.php\\\/2018\\\/05\\\/28\\\/salon-des-agricultures-de-provence-1-2-3-juin-2018\\\/#primaryimage\"},\"thumbnailUrl\":\"http:\\\/\\\/fredavelle.fr\\\/wp-content\\\/uploads\\\/2018\\\/05\\\/signature-salon-des-agrucltures-provence-2018.jpg\",\"articleSection\":[\"Agenda\",\"Salons\"],\"inLanguage\":\"fr-FR\"},{\"@type\":\"WebPage\",\"@id\":\"https:\\\/\\\/fredavelle.fr\\\/index.php\\\/2018\\\/05\\\/28\\\/salon-des-agricultures-de-provence-1-2-3-juin-2018\\\/\",\"url\":\"https:\\\/\\\/fredavelle.fr\\\/index.php\\\/2018\\\/05\\\/28\\\/salon-des-agricultures-de-provence-1-2-3-juin-2018\\\/\",\"name\":\"Salon des Agricultures de Provence les 1, 2, 3 juin 2018 |\",\"isPartOf\":{\"@id\":\"https:\\\/\\\/fredavelle.fr\\\/#website\"},\"primaryImageOfPage\":{\"@id\":\"https:\\\/\\\/fredavelle.fr\\\/index.php\\\/2018\\\/05\\\/28\\\/salon-des-agricultures-de-provence-1-2-3-juin-2018\\\/#primaryimage\"},\"image\":{\"@id\":\"https:\\\/\\\/fredavelle.fr\\\/index.php\\\/2018\\\/05\\\/28\\\/salon-des-agricultures-de-provence-1-2-3-juin-2018\\\/#primaryimage\"},\"thumbnailUrl\":\"http:\\\/\\\/fredavelle.fr\\\/wp-content\\\/uploads\\\/2018\\\/05\\\/signature-salon-des-agrucltures-provence-2018.jpg\",\"datePublished\":\"2018-05-28T08:58:44+00:00\",\"dateModified\":\"2018-05-28T08:59:11+00:00\",\"breadcrumb\":{\"@id\":\"https:\\\/\\\/fredavelle.fr\\\/index.php\\\/2018\\\/05\\\/28\\\/salon-des-agricultures-de-provence-1-2-3-juin-2018\\\/#breadcrumb\"},\"inLanguage\":\"fr-FR\",\"potentialAction\":[{\"@type\":\"ReadAction\",\"target\":[\"https:\\\/\\\/fredavelle.fr\\\/index.php\\\/2018\\\/05\\\/28\\\/salon-des-agricultures-de-provence-1-2-3-juin-2018\\\/\"]}]},{\"@type\":\"ImageObject\",\"inLanguage\":\"fr-FR\",\"@id\":\"https:\\\/\\\/fredavelle.fr\\\/index.php\\\/2018\\\/05\\\/28\\\/salon-des-agricultures-de-provence-1-2-3-juin-2018\\\/#primaryimage\",\"url\":\"https:\\\/\\\/fredavelle.fr\\\/wp-content\\\/uploads\\\/2018\\\/05\\\/signature-salon-des-agrucltures-provence-2018.jpg\",\"contentUrl\":\"https:\\\/\\\/fredavelle.fr\\\/wp-content\\\/uploads\\\/2018\\\/05\\\/signature-salon-des-agrucltures-provence-2018.jpg\",\"width\":800,\"height\":213,\"caption\":\"salon des agricultures de provence 2018\"},{\"@type\":\"BreadcrumbList\",\"@id\":\"https:\\\/\\\/fredavelle.fr\\\/index.php\\\/2018\\\/05\\\/28\\\/salon-des-agricultures-de-provence-1-2-3-juin-2018\\\/#breadcrumb\",\"itemListElement\":[{\"@type\":\"ListItem\",\"position\":1,\"name\":\"Accueil\",\"item\":\"https:\\\/\\\/fredavelle.fr\\\/\"},{\"@type\":\"ListItem\",\"position\":2,\"name\":\"Salon des Agricultures de Provence les 1, 2, 3 juin 2018\"}]},{\"@type\":\"WebSite\",\"@id\":\"https:\\\/\\\/fredavelle.fr\\\/#website\",\"url\":\"https:\\\/\\\/fredavelle.fr\\\/\",\"name\":\"Domaine Fredavelle\",\"description\":\"vignerons en coteaux d&#039;aix-en-provence\",\"publisher\":{\"@id\":\"https:\\\/\\\/fredavelle.fr\\\/#organization\"},\"potentialAction\":[{\"@type\":\"SearchAction\",\"target\":{\"@type\":\"EntryPoint\",\"urlTemplate\":\"https:\\\/\\\/fredavelle.fr\\\/?s={search_term_string}\"},\"query-input\":{\"@type\":\"PropertyValueSpecification\",\"valueRequired\":true,\"valueName\":\"search_term_string\"}}],\"inLanguage\":\"fr-FR\"},{\"@type\":\"Organization\",\"@id\":\"https:\\\/\\\/fredavelle.fr\\\/#organization\",\"name\":\"Domaine Fredavelle\",\"url\":\"https:\\\/\\\/fredavelle.fr\\\/\",\"logo\":{\"@type\":\"ImageObject\",\"inLanguage\":\"fr-FR\",\"@id\":\"https:\\\/\\\/fredavelle.fr\\\/#\\\/schema\\\/logo\\\/image\\\/\",\"url\":\"https:\\\/\\\/fredavelle.fr\\\/wp-content\\\/uploads\\\/2024\\\/08\\\/logo-pied-de-page-313.png\",\"contentUrl\":\"https:\\\/\\\/fredavelle.fr\\\/wp-content\\\/uploads\\\/2024\\\/08\\\/logo-pied-de-page-313.png\",\"width\":313,\"height\":313,\"caption\":\"Domaine Fredavelle\"},\"image\":{\"@id\":\"https:\\\/\\\/fredavelle.fr\\\/#\\\/schema\\\/logo\\\/image\\\/\"},\"sameAs\":[\"https:\\\/\\\/www.facebook.com\\\/domainefredavelle\",\"https:\\\/\\\/www.instagram.com\\\/domainefredavelle\"]},{\"@type\":\"Person\",\"@id\":\"https:\\\/\\\/fredavelle.fr\\\/#\\\/schema\\\/person\\\/5d1cc310defb2b4f97a10a2843d05e24\",\"name\":\"Domaine Fredavelle\",\"image\":{\"@type\":\"ImageObject\",\"inLanguage\":\"fr-FR\",\"@id\":\"https:\\\/\\\/secure.gravatar.com\\\/avatar\\\/2aa82cd6f25692726054c69b229ddd8bea42971d387c083f88ace20a198e751e?s=96&d=mm&r=g\",\"url\":\"https:\\\/\\\/secure.gravatar.com\\\/avatar\\\/2aa82cd6f25692726054c69b229ddd8bea42971d387c083f88ace20a198e751e?s=96&d=mm&r=g\",\"contentUrl\":\"https:\\\/\\\/secure.gravatar.com\\\/avatar\\\/2aa82cd6f25692726054c69b229ddd8bea42971d387c083f88ace20a198e751e?s=96&d=mm&r=g\",\"caption\":\"Domaine Fredavelle\"}}]}<\/script>\n<!-- \/ Yoast SEO plugin. -->","yoast_head_json":{"title":"Salon des Agricultures de Provence les 1, 2, 3 juin 2018 |","robots":{"index":"noindex","follow":"follow"},"og_locale":"fr_FR","og_type":"article","og_title":"Salon des Agricultures de Provence les 1, 2, 3 juin 2018 |","og_description":"Retrouvez-nous vendredi 01, samedi 02 et dimanche 03 juin au Salon des Agricultures de Provence \u00e0 Salon de Provence (13300) 3 jours pour d\u00e9couvrir le meilleur de l&#8217;Agriculture Proven\u00e7ale ! &hellip; Lire la suite de\u00ab\u00a0Salon des Agricultures de Provence les 1, 2, 3 juin 2018\u00a0\u00bb","og_url":"https:\/\/fredavelle.fr\/index.php\/2018\/05\/28\/salon-des-agricultures-de-provence-1-2-3-juin-2018\/","article_publisher":"https:\/\/www.facebook.com\/domainefredavelle","article_published_time":"2018-05-28T08:58:44+00:00","article_modified_time":"2018-05-28T08:59:11+00:00","og_image":[{"width":800,"height":213,"url":"https:\/\/fredavelle.fr\/wp-content\/uploads\/2018\/05\/signature-salon-des-agrucltures-provence-2018.jpg","type":"image\/jpeg"}],"author":"Domaine Fredavelle","twitter_card":"summary_large_image","twitter_misc":{"\u00c9crit par":"Domaine Fredavelle","Dur\u00e9e de lecture estim\u00e9e":"2 minutes"},"schema":{"@context":"https:\/\/schema.org","@graph":[{"@type":"Article","@id":"https:\/\/fredavelle.fr\/index.php\/2018\/05\/28\/salon-des-agricultures-de-provence-1-2-3-juin-2018\/#article","isPartOf":{"@id":"https:\/\/fredavelle.fr\/index.php\/2018\/05\/28\/salon-des-agricultures-de-provence-1-2-3-juin-2018\/"},"author":{"name":"Domaine Fredavelle","@id":"https:\/\/fredavelle.fr\/#\/schema\/person\/5d1cc310defb2b4f97a10a2843d05e24"},"headline":"Salon des Agricultures de Provence les 1, 2, 3 juin 2018","datePublished":"2018-05-28T08:58:44+00:00","dateModified":"2018-05-28T08:59:11+00:00","mainEntityOfPage":{"@id":"https:\/\/fredavelle.fr\/index.php\/2018\/05\/28\/salon-des-agricultures-de-provence-1-2-3-juin-2018\/"},"wordCount":475,"publisher":{"@id":"https:\/\/fredavelle.fr\/#organization"},"image":{"@id":"https:\/\/fredavelle.fr\/index.php\/2018\/05\/28\/salon-des-agricultures-de-provence-1-2-3-juin-2018\/#primaryimage"},"thumbnailUrl":"http:\/\/fredavelle.fr\/wp-content\/uploads\/2018\/05\/signature-salon-des-agrucltures-provence-2018.jpg","articleSection":["Agenda","Salons"],"inLanguage":"fr-FR"},{"@type":"WebPage","@id":"https:\/\/fredavelle.fr\/index.php\/2018\/05\/28\/salon-des-agricultures-de-provence-1-2-3-juin-2018\/","url":"https:\/\/fredavelle.fr\/index.php\/2018\/05\/28\/salon-des-agricultures-de-provence-1-2-3-juin-2018\/","name":"Salon des Agricultures de Provence les 1, 2, 3 juin 2018 |","isPartOf":{"@id":"https:\/\/fredavelle.fr\/#website"},"primaryImageOfPage":{"@id":"https:\/\/fredavelle.fr\/index.php\/2018\/05\/28\/salon-des-agricultures-de-provence-1-2-3-juin-2018\/#primaryimage"},"image":{"@id":"https:\/\/fredavelle.fr\/index.php\/2018\/05\/28\/salon-des-agricultures-de-provence-1-2-3-juin-2018\/#primaryimage"},"thumbnailUrl":"http:\/\/fredavelle.fr\/wp-content\/uploads\/2018\/05\/signature-salon-des-agrucltures-provence-2018.jpg","datePublished":"2018-05-28T08:58:44+00:00","dateModified":"2018-05-28T08:59:11+00:00","breadcrumb":{"@id":"https:\/\/fredavelle.fr\/index.php\/2018\/05\/28\/salon-des-agricultures-de-provence-1-2-3-juin-2018\/#breadcrumb"},"inLanguage":"fr-FR","potentialAction":[{"@type":"ReadAction","target":["https:\/\/fredavelle.fr\/index.php\/2018\/05\/28\/salon-des-agricultures-de-provence-1-2-3-juin-2018\/"]}]},{"@type":"ImageObject","inLanguage":"fr-FR","@id":"https:\/\/fredavelle.fr\/index.php\/2018\/05\/28\/salon-des-agricultures-de-provence-1-2-3-juin-2018\/#primaryimage","url":"https:\/\/fredavelle.fr\/wp-content\/uploads\/2018\/05\/signature-salon-des-agrucltures-provence-2018.jpg","contentUrl":"https:\/\/fredavelle.fr\/wp-content\/uploads\/2018\/05\/signature-salon-des-agrucltures-provence-2018.jpg","width":800,"height":213,"caption":"salon des agricultures de provence 2018"},{"@type":"BreadcrumbList","@id":"https:\/\/fredavelle.fr\/index.php\/2018\/05\/28\/salon-des-agricultures-de-provence-1-2-3-juin-2018\/#breadcrumb","itemListElement":[{"@type":"ListItem","position":1,"name":"Accueil","item":"https:\/\/fredavelle.fr\/"},{"@type":"ListItem","position":2,"name":"Salon des Agricultures de Provence les 1, 2, 3 juin 2018"}]},{"@type":"WebSite","@id":"https:\/\/fredavelle.fr\/#website","url":"https:\/\/fredavelle.fr\/","name":"Domaine Fredavelle","description":"vignerons en coteaux d&#039;aix-en-provence","publisher":{"@id":"https:\/\/fredavelle.fr\/#organization"},"potentialAction":[{"@type":"SearchAction","target":{"@type":"EntryPoint","urlTemplate":"https:\/\/fredavelle.fr\/?s={search_term_string}"},"query-input":{"@type":"PropertyValueSpecification","valueRequired":true,"valueName":"search_term_string"}}],"inLanguage":"fr-FR"},{"@type":"Organization","@id":"https:\/\/fredavelle.fr\/#organization","name":"Domaine Fredavelle","url":"https:\/\/fredavelle.fr\/","logo":{"@type":"ImageObject","inLanguage":"fr-FR","@id":"https:\/\/fredavelle.fr\/#\/schema\/logo\/image\/","url":"https:\/\/fredavelle.fr\/wp-content\/uploads\/2024\/08\/logo-pied-de-page-313.png","contentUrl":"https:\/\/fredavelle.fr\/wp-content\/uploads\/2024\/08\/logo-pied-de-page-313.png","width":313,"height":313,"caption":"Domaine Fredavelle"},"image":{"@id":"https:\/\/fredavelle.fr\/#\/schema\/logo\/image\/"},"sameAs":["https:\/\/www.facebook.com\/domainefredavelle","https:\/\/www.instagram.com\/domainefredavelle"]},{"@type":"Person","@id":"https:\/\/fredavelle.fr\/#\/schema\/person\/5d1cc310defb2b4f97a10a2843d05e24","name":"Domaine Fredavelle","image":{"@type":"ImageObject","inLanguage":"fr-FR","@id":"https:\/\/secure.gravatar.com\/avatar\/2aa82cd6f25692726054c69b229ddd8bea42971d387c083f88ace20a198e751e?s=96&d=mm&r=g","url":"https:\/\/secure.gravatar.com\/avatar\/2aa82cd6f25692726054c69b229ddd8bea42971d387c083f88ace20a198e751e?s=96&d=mm&r=g","contentUrl":"https:\/\/secure.gravatar.com\/avatar\/2aa82cd6f25692726054c69b229ddd8bea42971d387c083f88ace20a198e751e?s=96&d=mm&r=g","caption":"Domaine Fredavelle"}}]}},"uagb_featured_image_src":{"full":false,"thumbnail":false,"medium":false,"medium_large":false,"large":false,"1536x1536":false,"2048x2048":false,"inspiro-featured-image":false,"inspiro-loop":false,"inspiro-loop@2x":false,"tlp-portfolio-thumb":false},"uagb_author_info":{"display_name":"Domaine Fredavelle","author_link":"https:\/\/fredavelle.fr\/index.php\/author\/wordpress-owi\/"},"uagb_comment_info":0,"uagb_excerpt":"Retrouvez-nous vendredi 01, samedi 02 et dimanche 03 juin au Salon des Agricultures de Provence \u00e0 Salon de Provence (13300) 3 jours pour d\u00e9couvrir le meilleur de l&#8217;Agriculture Proven\u00e7ale ! &hellip; Lire la suite de\u00ab\u00a0Salon des Agricultures de Provence les 1, 2, 3 juin 2018\u00a0\u00bb","_links":{"self":[{"href":"https:\/\/fredavelle.fr\/index.php\/wp-json\/wp\/v2\/posts\/885","targetHints":{"allow":["GET"]}}],"collection":[{"href":"https:\/\/fredavelle.fr\/index.php\/wp-json\/wp\/v2\/posts"}],"about":[{"href":"https:\/\/fredavelle.fr\/index.php\/wp-json\/wp\/v2\/types\/post"}],"author":[{"embeddable":true,"href":"https:\/\/fredavelle.fr\/index.php\/wp-json\/wp\/v2\/users\/1"}],"replies":[{"embeddable":true,"href":"https:\/\/fredavelle.fr\/index.php\/wp-json\/wp\/v2\/comments?post=885"}],"version-history":[{"count":4,"href":"https:\/\/fredavelle.fr\/index.php\/wp-json\/wp\/v2\/posts\/885\/revisions"}],"predecessor-version":[{"id":890,"href":"https:\/\/fredavelle.fr\/index.php\/wp-json\/wp\/v2\/posts\/885\/revisions\/890"}],"wp:attachment":[{"href":"https:\/\/fredavelle.fr\/index.php\/wp-json\/wp\/v2\/media?parent=885"}],"wp:term":[{"taxonomy":"category","embeddable":true,"href":"https:\/\/fredavelle.fr\/index.php\/wp-json\/wp\/v2\/categories?post=885"},{"taxonomy":"post_tag","embeddable":true,"href":"https:\/\/fredavelle.fr\/index.php\/wp-json\/wp\/v2\/tags?post=885"}],"curies":[{"name":"wp","href":"https:\/\/api.w.org\/{rel}","templated":true}]}}